{"id":3381,"date":"2017-05-16T11:51:14","date_gmt":"2017-05-16T11:51:14","guid":{"rendered":"http:\/\/www.haactogo.tg\/?p=3381"},"modified":"2017-05-16T11:51:14","modified_gmt":"2017-05-16T11:51:14","slug":"revue-de-presse-n-873-du-16-mai-2017","status":"publish","type":"post","link":"https:\/\/www.harctogo.tg\/?p=3381","title":{"rendered":"Revue de presse N\u00b0 873 du 16 mai 2017"},"content":{"rendered":"<p>Les journaux parus ce mardi \u00e9voquent les r\u00e9formes politiques au Togo et l\u2019\u00e9lection d\u2019Emmanuel Macron en France.<\/p>\n<p>En ouverture, nous signalons que \u2018\u2019Le M\u00e9dium\u2019\u2019 s\u2019int\u00e9resse au rapport annuel d\u2019activit\u00e9s 2016 de la HAAC pr\u00e9sent\u00e9 \u00e0 la presse le 11 mai dernier.  L\u2019hebdomadaire qui publie des extraits de l\u2019allocution introductive du pr\u00e9sident de la Haute autorit\u00e9 au cours de la rencontre donne \u00e9galement \u00e0 lire les recommandations formul\u00e9es par l\u2019instance de r\u00e9gulation aux diff\u00e9rents acteurs dont les m\u00e9dias officiels et priv\u00e9s ainsi que les professionnels des m\u00e9dias. <\/p>\n<p>\u2018\u2019Togoactualit\u00e9.com\u2019\u2019 et \u2018\u2019T\u00e9l\u00e9gramme228.com\u2019\u2019 ont \u00e9galement rendu compte de la c\u00e9r\u00e9monie de pr\u00e9sentation dudit rapport.<\/p>\n<p>\uf0d8\tR\u00e9formes constitutionnelles et institutionnelles<\/p>\n<p>A en croire \u2018\u2019Forum de la Semaine\u2019\u2019, c\u2019est demain que l\u2019Assembl\u00e9e nationale examinera la proposition de loi portant r\u00e9formes introduite il y a bient\u00f4t un an par le couple ANC-ADDI avec pour \u00e9l\u00e9ments fondamentaux la limitation du mandat pr\u00e9sidentiel et le mode de scrutin \u00e0 deux tours. Rappelant que cette proposition avait \u00e9t\u00e9 rejet\u00e9e en 2014 et 2015 par la majorit\u00e9 parlementaire, le quotidien priv\u00e9 questionne les \u00ab \u00e9l\u00e9ments nouveaux \u00bb qui peuvent cette fois-ci favoriser le \u00ab consensus \u00bb. <\/p>\n<p>Si le confr\u00e8re pr\u00e9cise qu\u2019 \u00ab aucun \u00e9l\u00e9ment nouveau \u00bb n\u2019a \u00e9t\u00e9 enregistr\u00e9 entre le premier et le dernier d\u00e9p\u00f4t de la proposition, il nuance toutefois en ajoutant qu\u2019 \u00ab un certain nombre d\u2019\u00e9v\u00e8nements sont intervenus depuis lors et sont susceptibles de changer la donne selon certains observateurs \u00bb, \u00e0 savoir la tenue de l\u2019atelier du HCRRUN sur les r\u00e9formes, la mise sur pied de la commission de r\u00e9flexion sur la m\u00eame th\u00e9matique et l\u2019appel des Ev\u00eaques du Togo aux acteurs afin que ces r\u00e9formes soient effectivement op\u00e9r\u00e9es.<\/p>\n<p>Toujours \u00e0 propos des r\u00e9formes, \u2019\u2019Libert\u00e9\u2019\u2019 informe que le Groupe de r\u00e9flexion et d\u2019action pour le dialogue, la d\u00e9mocratie et le d\u00e9veloppement (GRAD) a men\u00e9 une \u00e9tude dans laquelle il donne son point de vue sur la \u00ab proc\u00e9dure \u00bb qui lui para\u00eet appropri\u00e9e pour leur mise en \u0153uvre. Selon le pr\u00e9sident du GRAD, Victor Alipui dont les propos sont rapport\u00e9s par la publication, la vision de la structure qu\u2019il dirige est la mise en place d\u2019une \u00ab assembl\u00e9e constituante \u00bb charg\u00e9e d\u2019\u00e9laborer un \u00ab nouveau contrat social sur une base consensuelle de toutes les composantes \u00bb de la soci\u00e9t\u00e9 togolaise.<\/p>\n<p>Pendant ce temps, c\u2019est toujours la \u00ab crise politique \u00bb et l\u2019 \u00ab impasse \u00bb au Togo poursuit le quotidien priv\u00e9. \u00ab La communaut\u00e9 internationale a-t-elle oubli\u00e9 ses engagements au Togo ? \u00bb s\u2019interroge \u2018\u2019Libert\u00e9\u2019\u2019 qui rel\u00e8ve que le pouvoir de Faure Gnassingb\u00e9 se \u00ab d\u00e9bine toujours \u00bb lorsqu\u2019il doit honorer ses promesses et ceci dans l\u2019indiff\u00e9rence de cette communaut\u00e9 internationale. \u00ab Cette attitude de la communaut\u00e9 internationale, a de quoi scandaliser, lorsqu\u2019on sait qu\u2019elle est tr\u00e8s prompte dans des dossiers moins graves que celui du Togo \u00bb, commente encore le tablo\u00efd.<\/p>\n<p>\uf0d8\tElection d\u2019Emmanuel Macron<\/p>\n<p>\u2018\u2019L\u2019Ind\u00e9pendant Express\u2019\u2019 revient l\u00e0-dessus et fait observer que l\u2019ex-ministre est venu de nulle part, escamotant les \u00e9tapes pour devenir, tr\u00e8s jeune, pr\u00e9sident de la R\u00e9publique. Cela s\u2019appelle faire preuve de courage et l\u2019hebdomadaire qui ram\u00e8ne le sujet \u00e0 l\u2019\u00e9chelle du Togo s\u2019interroge : \u00ab qui peut \u00eatre ce macron togolais ? La \u2018\u2019macronerie\u2019\u2019 est-elle possible dans un contexte politique comme le n\u00f4tre o\u00f9 la R\u00e9publique est confisqu\u00e9e et tenue de main de fer ? \u00bb. L\u2019un d\u2019entre ces jeunes qui auraient pu \u00eatre \u00ab un bon Macron \u00bb \u00e9tait Tavio Amorin, mais malheureusement, il a \u00e9t\u00e9 assassin\u00e9, se d\u00e9sole le journal.<\/p>\n<p>\u2018\u2019L\u2019Alternative\u2019\u2019 elle, souhaite que la France d\u2019Emmanuel Macron n\u2019apporte plus son soutien de quelque nature que ce soit aux Etats qui taclent la volont\u00e9 populaire par derri\u00e8re. \u00ab L\u2019Elys\u00e9e rajeunie ne doit plus apporter la moindre caution aux cartels politiques et vampiriques qui se sont cr\u00e9\u00e9s pour asphyxier les peuples d\u2019Afrique et particuli\u00e8rement la dynastie Gnassingb\u00e9, ravageuse, gloutonne aux r\u00e9pressions fauves qui vole les suffrages des Togolais et dont la gouvernance est scl\u00e9ros\u00e9e \u00bb, insiste le bihebdomadaire.<\/p>\n<p>Pour sa part, \u2018\u2019Forum de la Semaine\u2019\u2019 publie une chronique d\u2019Achille Mbembe. Cet analyste politique recommande aux Africains de cesser de voir leur existence dans le sillage de la France. \u00ab Je trouve d\u00e9shonorante et humiliante la manie qu\u2019ils ont de vivre par procuration leur existence politique, de reporter sur l\u2019ancienne puissance coloniale leurs fantasmes et leurs esp\u00e9rances avort\u00e9es \u00bb regrette-t-il. Et de marteler : \u00ab Il faut \u00e0 tout prix sortir du syndrome postcolonial. C\u2019est lui qui nous pousse constamment \u00e0 chercher \u00e0 nous d\u00e9fausser de nos responsabilit\u00e9s et, par cons\u00e9quent, \u00e0 livrer le sort de nos peuples \u00e0 des puissances \u00e9trang\u00e8res \u00bb, mart\u00e8le-t-il dans sa sortie.<\/p>\n<p>Sur un autre sujet, \u2018\u2019L\u2019Alternative\u2019\u2019 constate que la \u00ab mobilisation \u00bb enclench\u00e9e par le CAP 2015, les Forces d\u00e9mocratiques pour la R\u00e9publique (FDR) et le Parti national panafricain (PNP) est \u00ab en marche pour la d\u00e9mocratie et l\u2019alternance au Togo \u00bb. Le confr\u00e8re signale, par ailleurs, qu\u2019il y a des r\u00e9alit\u00e9s qui \u00ab contredisent la \u2018\u2019gestion saine\u2019\u2019 proclam\u00e9e par le clan du pouvoir \u00bb. Il cite entre autres, le d\u00e9ficit budg\u00e9taire et les appels au FMI qui contribuent \u00e0 endetter davantage le pays. Justement, la solution \u00e0 cet endettement est la \u00ab r\u00e9duction du train de vie des dirigeants et des d\u00e9penses publiques \u00bb, pr\u00e9conise \u2018\u2019L\u2019Ind\u00e9pendant Express\u2019\u2019. <\/p>\n<p>De son c\u00f4t\u00e9, \u2018\u2019L\u2019Union pour la Patrie\u2019\u2019 renseigne que la Cour des Comptes a formul\u00e9 des recommandations \u00e0 tous les \u00ab acteurs \u00e9lectoraux \u00bb. Ces recommandations sont n\u00e9es du constat d\u2019 \u00ab immenses irr\u00e9gularit\u00e9s relev\u00e9es dans le contr\u00f4le des l\u00e9gislatives de 2013 \u00bb, note le bihebdomadaire.<\/p>\n<p>Quant \u00e0 \u2018\u2019Libert\u00e9\u2019\u2019, elle se fait l\u2019\u00e9cho d\u2019une lettre ouverte de la CDPA au pr\u00e9sident de la R\u00e9publique, Faure Gnassingb\u00e9. Le parti dirig\u00e9 par Brigitte Adjamagbo-Johnson proteste contre la d\u00e9coration du major Kouloum qui, \u00e0 ses yeux, se serait rendu coupable de plusieurs violations des droits de l\u2019Homme. \u00ab Ne continuez pas \u00e0 narguer le peuple souverain qui d\u00e9tient le pouvoir que vous exercez de fait en son nom \u00bb enjoint-elle. <\/p>\n<p>Et puis, \u2018\u2019Togo-Presse\u2019\u2019 et \u2018\u2019Forum de la Semaine\u2019\u2019 rapportent que la pr\u00e9sidente du HCRRUN a rencontr\u00e9 hier \u00e0 Lom\u00e9 le pr\u00e9fet Awat\u00e9 Hodabalo en vue de s\u2019enqu\u00e9rir des pr\u00e9paratifs de la rencontre d\u2019informations et d\u2019\u00e9changes dans la pr\u00e9fecture du Golfe pr\u00e9vue jeudi prochain. <\/p>\n<p><strong>Le Service de Presse\/HAAC<\/strong><\/p>\n","protected":false},"excerpt":{"rendered":"<p>Les journaux parus ce mardi \u00e9voquent les r\u00e9formes politiques au Togo et l\u2019\u00e9lection d\u2019Emmanuel Macron en France. En ouverture, nous signalons que \u2018\u2019Le M\u00e9dium\u2019\u2019 s\u2019int\u00e9resse au rapport annuel d\u2019activit\u00e9s 2016 de la HAAC pr\u00e9sent\u00e9 \u00e0 la presse le 11 mai dernier. L\u2019hebdomadaire qui publie des extraits de l\u2019allocution introductive du pr\u00e9sident de la Haute autorit\u00e9 [&hellip;]<\/p>\n","protected":false},"author":15,"featured_media":2766,"comment_status":"open","ping_status":"closed","sticky":false,"template":"","format":"standard","meta":{"_themeisle_gutenberg_block_has_review":false,"footnotes":""},"categories":[1],"tags":[],"class_list":["post-3381","post","type-post","status-publish","format-standard","has-post-thumbnail","hentry","category-non-classe"],"_links":{"self":[{"href":"https:\/\/www.harctogo.tg\/index.php?rest_route=\/wp\/v2\/posts\/3381","targetHints":{"allow":["GET"]}}],"collection":[{"href":"https:\/\/www.harctogo.tg\/index.php?rest_route=\/wp\/v2\/posts"}],"about":[{"href":"https:\/\/www.harctogo.tg\/index.php?rest_route=\/wp\/v2\/types\/post"}],"author":[{"embeddable":true,"href":"https:\/\/www.harctogo.tg\/index.php?rest_route=\/wp\/v2\/users\/15"}],"replies":[{"embeddable":true,"href":"https:\/\/www.harctogo.tg\/index.php?rest_route=%2Fwp%2Fv2%2Fcomments&post=3381"}],"version-history":[{"count":1,"href":"https:\/\/www.harctogo.tg\/index.php?rest_route=\/wp\/v2\/posts\/3381\/revisions"}],"predecessor-version":[{"id":3382,"href":"https:\/\/www.harctogo.tg\/index.php?rest_route=\/wp\/v2\/posts\/3381\/revisions\/3382"}],"wp:featuredmedia":[{"embeddable":true,"href":"https:\/\/www.harctogo.tg\/index.php?rest_route=\/wp\/v2\/media\/2766"}],"wp:attachment":[{"href":"https:\/\/www.harctogo.tg\/index.php?rest_route=%2Fwp%2Fv2%2Fmedia&parent=3381"}],"wp:term":[{"taxonomy":"category","embeddable":true,"href":"https:\/\/www.harctogo.tg\/index.php?rest_route=%2Fwp%2Fv2%2Fcategories&post=3381"},{"taxonomy":"post_tag","embeddable":true,"href":"https:\/\/www.harctogo.tg\/index.php?rest_route=%2Fwp%2Fv2%2Ftags&post=3381"}],"curies":[{"name":"wp","href":"https:\/\/api.w.org\/{rel}","templated":true}]}}